{"id":4181,"date":"2025-01-27T14:34:45","date_gmt":"2025-01-27T14:34:45","guid":{"rendered":"https:\/\/bip2.pawlowiczki.pl\/wordpress\/?p=4181"},"modified":"2025-01-29T10:18:03","modified_gmt":"2025-01-29T10:18:03","slug":"wybory-prezydenta-rzeczypospolitej-polskiej-zarzadzone-na-28-czerwca-2020r","status":"publish","type":"post","link":"https:\/\/bip2.pawlowiczki.pl\/bip2\/?p=4181","title":{"rendered":"Wybory Prezydenta Rzeczypospolitej Polskiej zarz\u0105dzone na 28 czerwca 2020r."},"content":{"rendered":"<p>&#8222;Postanowienia Marsza\u0142ka Sejmu o zarz\u0105dzeniu wybor\u00f3w&#8221;:https:\/\/dziennikustaw.gov.pl\/DU\/2020\/988<br \/>\n<br \/>\n&#8222;Informacje Pa\u0144stwowej Komisji Wyborczej dotycz\u0105ce zarz\u0105dzonych wybor\u00f3w&#8221;:https:\/\/pkw.gov.pl\/aktualnosci\/informacje<br \/>\n<br \/> <br \/>\n&#8222;Informacja o mo\u017cliwo\u015bci skorzystania przez ka\u017cdego wyborc\u0119 z korespondencyjnego trybu g\u0142osowania wraz z edytowalnym wzorem zg\u0142oszenia&#8221;:https:\/\/pkw.gov.pl\/aktualnosci\/informacje\/informacja-o-mozliwosci-skorzystania-przez-kazdego-wyborce-z-korespondencyjnego-trybu-glosowania-ora<br \/>\n<br \/>\n&#8222;Informacja o uprawnieniach wyborc\u00f3w niepe\u0142nosprawnych wraz z wzorami&#8221;:https:\/\/pkw.gov.pl\/aktualnosci\/informacje\/informacja-o-uprawnieniach-wyborcow-niepelnosprawnych-wraz-z-zalacznikami-_-pp38202<br \/>\n<br \/>\n&#8222;Informacja o czynnym i biernym prawie wyborczym&#8221;:https:\/\/pkw.gov.pl\/aktualnosci\/informacje\/informacja-o-czynnym-i-biernym-prawie-wyborczym-w-wyborach-prezydenta-rzeczypospolitej-polskiej-zarz-_-pp38197<br \/>\n<br \/>\n&#8222;Informacja o warunkach udzia\u0142u obywateli polskich w g\u0142osowaniu w obwodach g\u0142osowania utworzonych za granic\u0105&#8221;:https:\/\/pkw.gov.pl\/aktualnosci\/informacje\/informacja-o-warunkach-udzialu-obywateli-polskich-w-glosowaniu-w-obwodach-glosowania-utworzonych-za&#8211;_-pp38196<br \/>\n<br \/>\n&#8222;Informacja o warunkach udzia\u0142u obywateli polskich w g\u0142osowaniu w obwodach g\u0142osowania utworzonych w kraju&#8221;:https:\/\/pkw.gov.pl\/aktualnosci\/informacje\/informacja-o-warunkach-udzialu-obywateli-polskich-w-glosowaniu-w-obwodach-glosowania-utworzonych-w-k-_-pp38195<\/p>\n<p>\n&#8222;Harmonogram dy\u017cur\u00f3w Urz\u0119dnika Wyborczego&#8221;:<a href=\"https:\/\/bip2.pawlowiczki.pl\/bip2\/more\/Harmonogram%20dy_zur_ow%20urz_ednika%20wyborczego2020.pdf\">PDF<\/a><\/p>\n<p>\n&#8222;Zarz\u0105dzenie W\u00f3jta Gminy Paw\u0142owiczki w sprawie wyznaczenia miejsc przeznaczonych na bezp\u0142atne umieszczanie urz\u0119dowych obwieszcze\u0144 wyborczych i plakat\u00f3w&#8221;:<a href=\"https:\/\/bip2.pawlowiczki.pl\/bip2\/more\/wybory%20img071.pdf\">PDF<\/a><br \/>\n<br \/>\n&#8222;Informacja dotycz\u0105ca przyjmowania zg\u0142osze\u0144 kandydat\u00f3w na cz\u0142onk\u00f3w obwodowych komisji wyborczych&#8221;:<a href=\"https:\/\/bip2.pawlowiczki.pl\/bip2\/more\/Informacja%20dot.%20OKW%20kandydaci%20komisje.pdf\">PDF<\/a><br \/>\n<br \/>\n&#8222;Obwieszczenie W\u00f3jta Gminy Paw\u0142owiczki o numerach oraz granicach obwod\u00f3w g\u0142osowania, wyznaczonych siedzibach obwodowych komisji wyborczych&#8221;:<a href=\"https:\/\/bip2.pawlowiczki.pl\/bip2\/more\/2020obwieszczenie_o_obwodzie_160304.pdf\">PDF<\/a><br \/>\n<br \/>\n&#8222;Informacja Komisarza Wyborczego w Opolu o mo\u017cliwo\u015bci dokonania dodatkowych zg\u0142osze\u0144 do obwodowych komisji wyborczych przez komitety wyborcze oraz o losowaniach sk\u0142ad\u00f3w komisji&#8221;:<a href=\"https:\/\/bip2.pawlowiczki.pl\/bip2\/more\/2Informacja%20KW%20w%20Opolu%20III.pdf\">PDF<\/a><\/p>\n<p>Dodatkowe zg\u0142oszenia komitet\u00f3w wyborczych kandydat\u00f3w do obwodowych komisji wyborczych b\u0119d\u0105 przyjmowane w Urz\u0119dzie Gminy w Paw\u0142owiczkach w dniu 15 czerwca 2020r w godzinach od 8:00 do 9:00<br \/>\n<br \/>\n&#8222;Obwieszczenie Pa\u0144stwowej Komisji Wyborczej z dnia 12 czerwca 2020 r. o kandydatach na Prezydenta Rzeczypospolitej Polskiej w wyborach zarz\u0105dzonych na dzie\u0144 28 czerwca 2020 r.&#8221;:<a href=\"https:\/\/bip2.pawlowiczki.pl\/bip2\/more\/Obwieszczenie%20o%20zarejestrowanych%20kandydatach%20na%20Prezydenta_28_06-1.pdf\">PDF<\/a><br \/>\n<br \/>\n&#8222;Postanowienie Komisarza Wyborczego w sprawie powo\u0142ania obwodowych komisji wyborczych&#8221;:<a href=\"https:\/\/bip2.pawlowiczki.pl\/bip2\/more\/obwodowe%20komisjie%20wyborcze.pdf\">PDF<\/a><br \/>\n<br \/>\n&#8222;Informacja Okr\u0119gowej Komisji Wyborczej nr 27 w Opolu o sk\u0142adzie, siedzibie i pe\u0142nionych dy\u017curach&#8221;:<a href=\"https:\/\/bip2.pawlowiczki.pl\/bip2\/more\/INFORMACJA%20O%20SK_LADZIE.pdf\">PDF<\/a><br \/>\n<br \/>\n&#8222;Wytyczne dla obwodowych komisji wyborczych&#8221;:<a href=\"https:\/\/bip2.pawlowiczki.pl\/bip2\/more\/Wytyczne%20obwodowe-1.pdf\">PDF<\/a><br \/>\n<br \/>\n&#8222;Terminy pierwszych posiedze\u0144 obwodowych komisji wyborczych&#8221;:<a href=\"https:\/\/bip2.pawlowiczki.pl\/bip2\/more\/posiedzenia%20Postanowienie%20Komisarza%20Wyborczego.pdf\">PDF<\/a><br \/>\n<br \/>\n!<a href=\"https:\/\/bip2.pawlowiczki.pl\/bip2\/more\/PREZYDENT%202020%20-%20Afisz-lokal-b.jpg!\n<\/p>\n","protected":false},"excerpt":{"rendered":"<p>&#8222;Postanowienia Marsza\u0142ka Sejmu o zarz\u0105dzeniu wybor\u00f3w&#8221;:https:\/\/dziennikustaw.gov.pl\/DU\/2020\/988 &#8222;Informacje Pa\u0144stwowej Komisji Wyborczej dotycz\u0105ce zarz\u0105dzonych wybor\u00f3w&#8221;:https:\/\/pkw.gov.pl\/aktualnosci\/informacje &#8222;Informacja o mo\u017cliwo\u015bci skorzystania przez ka\u017cdego wyborc\u0119 z korespondencyjnego trybu g\u0142osowania wraz z edytowalnym wzorem zg\u0142oszenia&#8221;:https:\/\/pkw.gov.pl\/aktualnosci\/informacje\/informacja-o-mozliwosci-skorzystania-przez-kazdego-wyborce-z-korespondencyjnego-trybu-glosowania-ora &#8222;Informacja o uprawnieniach wyborc\u00f3w niepe\u0142nosprawnych wraz z wzorami&#8221;:https:\/\/pkw.gov.pl\/aktualnosci\/informacje\/informacja-o-uprawnieniach-wyborcow-niepelnosprawnych-wraz-z-zalacznikami-_-pp38202 &#8222;Informacja o czynnym i biernym prawie wyborczym&#8221;:https:\/\/pkw.gov.pl\/aktualnosci\/informacje\/informacja-o-czynnym-i-biernym-prawie-wyborczym-w-wyborach-prezydenta-rzeczypospolitej-polskiej-zarz-_-pp38197 &#8222;Informacja o warunkach udzia\u0142u obywateli polskich w g\u0142osowaniu w obwodach g\u0142osowania [&hellip;]<\/p>\n","protected":false},"author":1,"featured_media":0,"comment_status":"open","ping_status":"open","sticky":false,"template":"","format":"standard","meta":{"footnotes":""},"categories":[35],"tags":[],"class_list":["post-4181","post","type-post","status-publish","format-standard","hentry","category-wybory-i-referenda"],"_links":{"self":[{"href":"https:\/\/bip2.pawlowiczki.pl\/bip2\/index.php?rest_route=\/wp\/v2\/posts\/4181","targetHints":{"allow":["GET"]}}],"collection":[{"href":"https:\/\/bip2.pawlowiczki.pl\/bip2\/index.php?rest_route=\/wp\/v2\/posts"}],"about":[{"href":"https:\/\/bip2.pawlowiczki.pl\/bip2\/index.php?rest_route=\/wp\/v2\/types\/post"}],"author":[{"embeddable":true,"href":"https:\/\/bip2.pawlowiczki.pl\/bip2\/index.php?rest_route=\/wp\/v2\/users\/1"}],"replies":[{"embeddable":true,"href":"https:\/\/bip2.pawlowiczki.pl\/bip2\/index.php?rest_route=%2Fwp%2Fv2%2Fcomments&post=4181"}],"version-history":[{"count":1,"href":"https:\/\/bip2.pawlowiczki.pl\/bip2\/index.php?rest_route=\/wp\/v2\/posts\/4181\/revisions"}],"predecessor-version":[{"id":4509,"href":"https:\/\/bip2.pawlowiczki.pl\/bip2\/index.php?rest_route=\/wp\/v2\/posts\/4181\/revisions\/4509"}],"wp:attachment":[{"href":"https:\/\/bip2.pawlowiczki.pl\/bip2\/index.php?rest_route=%2Fwp%2Fv2%2Fmedia&parent=4181"}],"wp:term":[{"taxonomy":"category","embeddable":true,"href":"https:\/\/bip2.pawlowiczki.pl\/bip2\/index.php?rest_route=%2Fwp%2Fv2%2Fcategories&post=4181"},{"taxonomy":"post_tag","embeddable":true,"href":"https:\/\/bip2.pawlowiczki.pl\/bip2\/index.php?rest_route=%2Fwp%2Fv2%2Ftags&post=4181"}],"curies":[{"name":"wp","href":"https:\/\/api.w.org\/{rel}","templated":true}]}}