{"id":4107,"date":"2025-01-27T14:34:42","date_gmt":"2025-01-27T14:34:42","guid":{"rendered":"https:\/\/bip2.pawlowiczki.pl\/wordpress\/?p=4107"},"modified":"2025-01-29T10:18:59","modified_gmt":"2025-01-29T10:18:59","slug":"wybory-do-sejmu-rp-i-senatu-rp","status":"publish","type":"post","link":"https:\/\/bip2.pawlowiczki.pl\/bip2\/?p=4107","title":{"rendered":"Wybory do Sejmu RP i Senatu RP"},"content":{"rendered":"<p>&#8222;Postanowienie Prezydenta RP w sprawie zarz\u0105dzenia wybor\u00f3w do Sejmu RP i Senatu RP wraz z kalendarzem wyborczym&#8221;:<a href=\"https:\/\/bip2.pawlowiczki.pl\/bip2\/more\/Postanowienie%20Prezydenta%20RP%20w%20sprawie%20zarz_adzenia%20wybor_ow%20do%20Sejmu%20RP%20i%20Senatu%20RP.pdf\">PDF<\/a><br \/>\n<br \/>\n&#8222;Obwieszczenie PKW o okr\u0119gach wyborczych &#8222;:<a href=\"https:\/\/bip2.pawlowiczki.pl\/bip2\/more\/2019%20Obwieszczenie%20o%20okr_egach%20wyborczych-wyci_ag.pdf\">PDF<\/a><br \/>\n<br \/>\n &#8222;Informacja o up\u0142ywie termin\u00f3w zwi\u0105zanych z uprawnieniami wyborc\u00f3w niepe\u0142nosprawnych&#8221;:https:\/\/pkw.gov.pl\/337_Wydarzenia\/1\/38338_Informacja_o_uplywie_terminow_zwiazanych__z_uprawnieniami_wyborcow_niepelnosprawnych_w_wyborach_do_Sejmu_Rzeczypospolitej_Polskiej_i_do_Senatu_Rzeczypospolitej_Polskiej_zarzadzonych_na_dzien_13_pazdziernika_2019_r<br \/>\n<br \/>\n&#8222;Informacja o uprawnieniach wyborc\u00f3w niepe\u0142nosprawnych&#8221;:https:\/\/pkw.gov.pl\/337_Wydarzenia\/1\/38335_Informacja_o_uprawnieniach_wyborcow_niepelnosprawnych<br \/>\n<br \/>\n&#8222;Informacja o warunkach udzia\u0142u obywateli polskich w g\u0142osowaniu w obwodach g\u0142osowania utworzonych za granic\u0105&#8221;:https:\/\/pkw.gov.pl\/337_Wydarzenia\/1\/38332_Informacja_o_warunkach_udzialu_obywateli_polskich_w_glosowaniu_w_obwodach_glosowania_utworzonych_za_granica_i_na_polskich_statkach_morskich_w_wyborach_do_Sejmu_Rzeczypospolitej_Polskiej_i_do_Senatu_Rzeczypospolitej_Polskiej_zarzadzonych_na_dzien_13_pazdziernika_2019_r<br \/>\n<br \/>\n&#8222;Informacja o warunkach udzia\u0142u obywateli polskich w g\u0142osowaniu w obwodach g\u0142osowania utworzonych w kraju&#8221;:https:\/\/pkw.gov.pl\/337_Wydarzenia\/1\/38329_Informacja_o_warunkach_udzialu_obywateli_polskich_w_glosowaniu_w_obwodach_glosowania_utworzonych_w_kraju_w_wyborach_do_Sejmu_Rzeczypospolitej_Polskiej_i_do_Senatu_Rzeczypospolitej_Polskiej__zarzadzonych_na_dzien_13_pazdziernika_2019_r<br \/>\n<br \/>\n&#8222;Komunikaty i artyku\u0142y dot. wybor\u00f3w i wynik\u00f3w g\u0142osowania&#8221;:https:\/\/wybory.gov.pl<br \/>\n<br \/>\n&#8222;Zarz\u0105dzenie  W\u00f3jta Gminy Paw\u0142owiczki w sprawie wyznaczenia miejsc przeznaczonych na bezp\u0142atne umieszczanie urz\u0119dowych obwieszcze\u0144 wyborczych i plakat\u00f3w komitet\u00f3w wyborczych&#8221;:<a href=\"https:\/\/bip2.pawlowiczki.pl\/bip2\/more\/zarz_adzenie%20wyroby%202019%20S_lupy%20og_loszeniowe.pdf\">PDF<\/a><br \/>\n<br \/>\n&#8222;Postanowienie 514\/2019 Komisarza Wyborczego  w Opolu III&#8221;:<a href=\"https:\/\/bip2.pawlowiczki.pl\/bip2\/more\/zarz_adzenie%20%20dodatkowy%20obw_od.pdf\">PDF<\/a><br \/>\n<br \/>\n&#8222;Harmonogram dy\u017cur\u00f3w Urz\u0119dnika Wyborczego&#8221;:<a href=\"https:\/\/bip2.pawlowiczki.pl\/bip2\/more\/Harmonogram%20dy_zur_ow%20Urz_ednika%20Wyborczego.pdf\">PDF<\/a><br \/>\n<br \/>\n&#8222;Informacja \u2013 Okr\u0119gowa Komisja Wyborcza w Opolu&#8221;:https:\/\/opole.kbw.gov.pl\/pliki\/1566829517_Informacja_OKW_o_skladzie_i_dyzurach.pdf&#8221;>PDF<\/a><br \/>\n<br \/>\n&#8222;Obwieszczenie o numerach oraz granicach obwod\u00f3w g\u0142osowania, wyznaczonych siedzibach obwodowych komisji wyborczych oraz mo\u017cliwo\u015bci g\u0142osowania korespondencyjnego i przez pe\u0142nomocnika&#8221;:<a href=\"https:\/\/bip2.pawlowiczki.pl\/bip2\/more\/1obwieszczenie_o_obwodzie_160304.pdf\">PDF<\/a><br \/>\n<br \/>\n&#8222;Informacja Komisarza Wyborczego w Opolu III o losowaniu oraz mo\u017cliwo\u015bci dokonania dodatkowych zg\u0142osze\u0144 do OKW przez komitety wyborcze&#8221;:<a href=\"https:\/\/bip2.pawlowiczki.pl\/bip2\/more\/img053.pdf\">PDF<\/a><br \/>\n<br \/>\n&#8222;Dodatkowe dy\u017cury Urz\u0119dnika Wyborczego&#8221;:<a href=\"https:\/\/bip2.pawlowiczki.pl\/bip2\/more\/19092019Dodatkowe%20%20Dy_zury.pdf\">PDF<\/a><br \/>\n<br \/>\n&#8222;Postanowienie Komisarza Wyborczego w Opolu III w sprawie powo\u0142ania<br \/>\nobwodowych komisji wyborczych w wyborach do Sejmu RP i Senatu<br \/>\nRP zarz\u0105dzonych na 13 pa\u017adziernika 2019 r.&#8221;:<a href=\"https:\/\/bip2.pawlowiczki.pl\/bip2\/more\/2019-09-23-09-31-26-01.pdf\">PDF<\/a><br \/>\n<br \/>\n&#8222;Pierwsze posiedzenie Obwodowych Komisji Wyborczych&#8221;:<a href=\"https:\/\/bip2.pawlowiczki.pl\/bip2\/more\/img057.pdf\">PDF<\/a><br \/>\n<br \/>\nInformacje dla Obwodowych Komisji Wyborczych<br \/>\n<br \/>\n&#8222;Wytyczne dla Obwodowych Komisji Wyborczych &#8222;:<a href=\"https:\/\/bip2.pawlowiczki.pl\/bip2\/more\/Za_l.%201%20Broszura_wytyczne.pdf\">PDF<\/a><br \/>\n<br \/>\n&#8221; Prezentacja SEJM OKW-cz I-Przeprowadzenie g\u0142osowania&#8221;:<a href=\"https:\/\/bip2.pawlowiczki.pl\/bip2\/more\/Prezentacja%20SEJM%20OKW-cz-1-Przeprowadzenie%20g_losowania.pdf\">PDF<\/a><br \/>\n<br \/>\n&#8222;Prezentacja SEJM OKW-cz II Ustalenie wynik\u00f3w-protoko\u0142y&#8221;:<a href=\"https:\/\/bip2.pawlowiczki.pl\/bip2\/more\/Prezentacja%20SEJM%20OKW-cz-II%20Ustalenie%20wynik_ow-protoko_ly.pdf\">PDF<\/a><br \/>\n<br \/>\n&#8222;Prezentacja SEJM OKW &#8211; przyk\u0142ady znaku X&#8221;:<a href=\"https:\/\/bip2.pawlowiczki.pl\/bip2\/more\/Prezentacja%20SEJM%20OKW%20-%20przyk_lady%20znaku.pdf\">PDF<\/a><\/p>\n<p>\n&#8222;INFORMACJA O SZKOLENIU OBWODOWYCH KOMISJI WYBORCZYCH&#8221;:<a href=\"https:\/\/bip2.pawlowiczki.pl\/bip2\/more\/Informacja-%20szkolenia%20OKW.pdf\">PDF<\/a><br \/>\n<br \/>\n&#8222;Obwieszczenia Okr\u0119gowej Komisji Wyborczej w Opolu o zarejestrowanych kandydatach na pos\u0142\u00f3w i senator\u00f3w w wyborach zarz\u0105dzonych na dzie\u0144 13 pa\u017adziernika 2019 r.&#8221;:https:\/\/opole.kbw.gov.pl\/337_Wydarzenia\/1\/41440_Obwieszczenia_Okregowej_Komisji_Wyborczej_w_Opolu_o_zarejestrowanych_kandydatach_na_poslow_i_senatorow_w_wyborach_zarzadzonych_na_dzien_13_pazdziernika_2019_r<\/p>\n","protected":false},"excerpt":{"rendered":"<p>&#8222;Postanowienie Prezydenta RP w sprawie zarz\u0105dzenia wybor\u00f3w do Sejmu RP i Senatu RP wraz z kalendarzem wyborczym&#8221;:PDF &#8222;Obwieszczenie PKW o okr\u0119gach wyborczych &#8222;:PDF &#8222;Informacja o up\u0142ywie termin\u00f3w zwi\u0105zanych z uprawnieniami wyborc\u00f3w niepe\u0142nosprawnych&#8221;:https:\/\/pkw.gov.pl\/337_Wydarzenia\/1\/38338_Informacja_o_uplywie_terminow_zwiazanych__z_uprawnieniami_wyborcow_niepelnosprawnych_w_wyborach_do_Sejmu_Rzeczypospolitej_Polskiej_i_do_Senatu_Rzeczypospolitej_Polskiej_zarzadzonych_na_dzien_13_pazdziernika_2019_r &#8222;Informacja o uprawnieniach wyborc\u00f3w niepe\u0142nosprawnych&#8221;:https:\/\/pkw.gov.pl\/337_Wydarzenia\/1\/38335_Informacja_o_uprawnieniach_wyborcow_niepelnosprawnych &#8222;Informacja o warunkach udzia\u0142u obywateli polskich w g\u0142osowaniu w obwodach g\u0142osowania utworzonych za granic\u0105&#8221;:https:\/\/pkw.gov.pl\/337_Wydarzenia\/1\/38332_Informacja_o_warunkach_udzialu_obywateli_polskich_w_glosowaniu_w_obwodach_glosowania_utworzonych_za_granica_i_na_polskich_statkach_morskich_w_wyborach_do_Sejmu_Rzeczypospolitej_Polskiej_i_do_Senatu_Rzeczypospolitej_Polskiej_zarzadzonych_na_dzien_13_pazdziernika_2019_r &#8222;Informacja o warunkach udzia\u0142u [&hellip;]<\/p>\n","protected":false},"author":1,"featured_media":0,"comment_status":"open","ping_status":"open","sticky":false,"template":"","format":"standard","meta":{"footnotes":""},"categories":[35],"tags":[],"class_list":["post-4107","post","type-post","status-publish","format-standard","hentry","category-wybory-i-referenda"],"_links":{"self":[{"href":"https:\/\/bip2.pawlowiczki.pl\/bip2\/index.php?rest_route=\/wp\/v2\/posts\/4107","targetHints":{"allow":["GET"]}}],"collection":[{"href":"https:\/\/bip2.pawlowiczki.pl\/bip2\/index.php?rest_route=\/wp\/v2\/posts"}],"about":[{"href":"https:\/\/bip2.pawlowiczki.pl\/bip2\/index.php?rest_route=\/wp\/v2\/types\/post"}],"author":[{"embeddable":true,"href":"https:\/\/bip2.pawlowiczki.pl\/bip2\/index.php?rest_route=\/wp\/v2\/users\/1"}],"replies":[{"embeddable":true,"href":"https:\/\/bip2.pawlowiczki.pl\/bip2\/index.php?rest_route=%2Fwp%2Fv2%2Fcomments&post=4107"}],"version-history":[{"count":1,"href":"https:\/\/bip2.pawlowiczki.pl\/bip2\/index.php?rest_route=\/wp\/v2\/posts\/4107\/revisions"}],"predecessor-version":[{"id":4511,"href":"https:\/\/bip2.pawlowiczki.pl\/bip2\/index.php?rest_route=\/wp\/v2\/posts\/4107\/revisions\/4511"}],"wp:attachment":[{"href":"https:\/\/bip2.pawlowiczki.pl\/bip2\/index.php?rest_route=%2Fwp%2Fv2%2Fmedia&parent=4107"}],"wp:term":[{"taxonomy":"category","embeddable":true,"href":"https:\/\/bip2.pawlowiczki.pl\/bip2\/index.php?rest_route=%2Fwp%2Fv2%2Fcategories&post=4107"},{"taxonomy":"post_tag","embeddable":true,"href":"https:\/\/bip2.pawlowiczki.pl\/bip2\/index.php?rest_route=%2Fwp%2Fv2%2Ftags&post=4107"}],"curies":[{"name":"wp","href":"https:\/\/api.w.org\/{rel}","templated":true}]}}