{"id":4045,"date":"2025-01-27T14:34:39","date_gmt":"2025-01-27T14:34:39","guid":{"rendered":"https:\/\/bip2.pawlowiczki.pl\/wordpress\/?p=4045"},"modified":"2025-01-29T10:19:24","modified_gmt":"2025-01-29T10:19:24","slug":"wybory-do-parlamentu-europejskiego-2019","status":"publish","type":"post","link":"https:\/\/bip2.pawlowiczki.pl\/bip2\/?p=4045","title":{"rendered":"Wybory do Parlamentu Europejskiego 2019"},"content":{"rendered":"<p>&#8222;Postanowienie Prezydenta RP z 25.02.2019r. w sprawie zarz\u0105dzenia wybor\u00f3w pos\u0142\u00f3w do Parlamentu Europejskiego&#8221;:<a href=\"https:\/\/bip2.pawlowiczki.pl\/bip2\/more\/D2019000036501.pdf\">PDF<\/a><br \/>\n<br \/>\n&#8222;Informacja o warunkach udzia\u0142u obywateli polskich w g\u0142osowaniu w obwodach g\u0142osowania utworzonych w kraju w wyborach do Parlamentu Europejskiego zarz\u0105dzonych na dzie\u0144 26 maja 2019 r&#8221;:https:\/\/pkw.gov.pl\/831_Informacje_ogolne\/1\/33537_Informacja_o_warunkach_udzialu_obywateli_polskich_w_glosowaniu_w_obwodach_glosowania_utworzonych_w_kraju_w_wyborach_do_Parlamentu_Europejskiego_zarzadzonych_na_dzien_26_maja_2019_r<br \/>\n<br \/>\n&#8222;Informacja o warunkach udzia\u0142u obywateli polskich w g\u0142osowaniu w obwodach g\u0142osowania utworzonych za granic\u0105 i na polskich statkach morskich, w wyborach do Parlamentu Europejskiego zarz\u0105dzonych na dzie\u0144 26 maja 2019 r&#8221;:https:\/\/pkw.gov.pl\/831_Informacje_ogolne\/1\/33539_Informacja_o_warunkach_udzialu_obywateli_polskich_w_glosowaniu_w_obwodach_glosowania_utworzonych_za_granica_i_na_polskich_statkach_morskich_w_wyborach_do_Parlamentu_Europejskiego_zarzadzonych_na_dzien_26_maja_2019_r<br \/>\n<br \/>\n&#8222;Informacja Pa\u0144stwowej Komisji Wyborczej o warunkach udzia\u0142u obywateli Unii Europejskiej nieb\u0119d\u0105cych obywatelami polskimi w wyborach do Parlamentu Europejskiego w Rzeczypospolitej Polskiej&#8221;:https:\/\/pkw.gov.pl\/831_Informacje_ogolne\/1\/33541_Informacja_Panstwowej_Komisji_Wyborczej_o_warunkach_udzialu_obywateli_Unii_Europejskiej_niebedacych_obywatelami_polskimi_w_wyborach_do_Parlamentu_Europejskiego_w_Rzeczypospolitej_Polskiej<br \/>\n<br \/>\n&#8222;Informacja o up\u0142ywie termin\u00f3w zwi\u0105zanych z uprawnieniami wyborc\u00f3w niepe\u0142nosprawnych w wyborach do Parlamentu Europejskiego zarz\u0105dzonych na dzie\u0144 26 maja 2019r&#8221;:https:\/\/pkw.gov.pl\/831_Informacje_ogolne\/1\/33535_Informacja_o_uplywie_terminow_zwiazanych_z_uprawnieniami_wyborcow_niepelnosprawnych_w_wyborach_do_Parlamentu_Europejskiego_zarzadzonych_na_dzien_26_maja_2019_r<br \/>\n<br \/>\n&#8222;Informacja o uprawnieniach wyborc\u00f3w niepe\u0142nosprawnych&#8221;:https:\/\/pkw.gov.pl\/831_Informacje_ogolne\/1\/33533_Informacja_o_uprawnieniach_wyborcow_niepelnosprawnych<br \/>\n<br \/>\n&#8222;Zarz\u0105dzenie nr 0050.14.2019 W\u00f3jta Gminy z dnia 01.03.2019r w sprawie wyznaczenia miejsc przeznaczonych na bezp\u0142atne umieszczanie urz\u0119dowych obwieszcze\u0144 wyborczych i plakat\u00f3w komitet\u00f3w wyborczych w wyborach pos\u0142\u00f3w do Parlamentu Europejskiego zarz\u0105dzonych na dzie\u0144 26 maja 2019r&#8221;:<a href=\"https:\/\/bip2.pawlowiczki.pl\/bip2\/more\/Zarz_adzenie%20o%20plakatowaniu.pdf\">PDF<\/a><br \/>\n<br \/>\n&#8222;Komunikat w sprawie przyjmowania zg\u0142osze\u0144 do OKW&#8221;:<a href=\"https:\/\/bip2.pawlowiczki.pl\/bip2\/more\/komunikat%20w%20sprawie%20przyjmowania%20zgloszenPE.pdf\">PDF<\/a><br \/>\n<br \/>\n&#8222;Postanowienie KW w Opolu III w sprawie utworzenia odr\u0119bnego obwodu g\u0142osowania w Gminie Paw\u0142owiczki&#8221;:<a href=\"https:\/\/bip2.pawlowiczki.pl\/bip2\/more\/Postanowienie%20KW%20w%20Opolu%20III%20w%20sprawie%20utworzenia%20odr_ebnego%20obwodu%20g_losowania%20w%20Gminie%20Paw_lowiczki.pdf\">PDF<\/a><br \/>\n<br \/>\n&#8222;Obwieszczenie o numerach oraz granicach obwod\u00f3w g\u0142osowania, wyznaczonych siedzibach obwodowych komisji wyborczych oraz mo\u017cliwo\u015bci g\u0142osowania korespondencyjnego i przez pe\u0142nomocnika&#8221;:<a href=\"https:\/\/bip2.pawlowiczki.pl\/bip2\/more\/Wybory%20europarl%20obwieszczenie_o_obwodzie_.pdf\">PDF<\/a><br \/>\n<br \/>\n&#8222;Harmonogram dodatkowych dy\u017cur\u00f3w Urz\u0119dnika Wyborczego&#8221;:<a href=\"https:\/\/bip2.pawlowiczki.pl\/bip2\/more\/dodatkowe%20dy_zury%20urz_ednika%20wyborczego.pdf\">PDF<\/a><br \/>\n<br \/>\n&#8222;Informacja Komisarza Wyborczego w Opolu III dot. dodatkowych zg\u0142osze\u0144 kandydat\u00f3w do OKW&#8221;:<a href=\"https:\/\/bip2.pawlowiczki.pl\/bip2\/more\/img029.jpg\n<br \/>\n&#8222;Og\u0142oszenie- zmiana godziny dy\u017curu urz\u0119dnika wyborczego &#8222;:<a href=\"https:\/\/bip2.pawlowiczki.pl\/bip2\/more\/zmiana%20godz.%20dyzur_ow%20Urz_ednik%20Wyborczy%20OG_LOSZENIE.pdf\">PDF<\/a><br \/>\n<br \/>\n&#8222;Postanowienie w sprawie powo\u0142ania obwodowych komisji wyborczych&#8221;:<a href=\"https:\/\/bip2.pawlowiczki.pl\/bip2\/more\/OKW%202019-05-07-08-54-19-01.pdf\">PDF<\/a><br \/>\n<br \/>\n&#8222;Informacja o pierwszych posiedzeniach OKW &#8211; 13 maja 2019r. godz. 17:00&#8221;:<a href=\"https:\/\/bip2.pawlowiczki.pl\/bip2\/more\/pierwsze%20posiedzenia%20OKW.pdf\">PDF<\/a><br \/>\n<br \/>\n&#8222;Obwieszczenie o zarejestrowanych listach kandydat\u00f3w&#8221;:<a href=\"https:\/\/bip2.pawlowiczki.pl\/bip2\/more\/Obwieszczenie.13.05.2019.pdf\">PDF<\/a><br \/>\n<br \/>\nInformacja o szkoleniu Obwodowych Komisji Wyborczych<br \/>\nDnia 23 maja 2019 r o godz. 16.30 odb\u0119dzie si\u0119 szkolenie Obwodowych Komisji Wyborczych w sali posiedze\u0144  II pi\u0119tro w Urz\u0119dzie Gminy w Paw\u0142owiczkach<\/p>\n","protected":false},"excerpt":{"rendered":"<p>&#8222;Postanowienie Prezydenta RP z 25.02.2019r. w sprawie zarz\u0105dzenia wybor\u00f3w pos\u0142\u00f3w do Parlamentu Europejskiego&#8221;:PDF &#8222;Informacja o warunkach udzia\u0142u obywateli polskich w g\u0142osowaniu w obwodach g\u0142osowania utworzonych w kraju w wyborach do Parlamentu Europejskiego zarz\u0105dzonych na dzie\u0144 26 maja 2019 r&#8221;:https:\/\/pkw.gov.pl\/831_Informacje_ogolne\/1\/33537_Informacja_o_warunkach_udzialu_obywateli_polskich_w_glosowaniu_w_obwodach_glosowania_utworzonych_w_kraju_w_wyborach_do_Parlamentu_Europejskiego_zarzadzonych_na_dzien_26_maja_2019_r &#8222;Informacja o warunkach udzia\u0142u obywateli polskich w g\u0142osowaniu w obwodach g\u0142osowania utworzonych za granic\u0105 i na [&hellip;]<\/p>\n","protected":false},"author":1,"featured_media":0,"comment_status":"open","ping_status":"open","sticky":false,"template":"","format":"standard","meta":{"footnotes":""},"categories":[35],"tags":[],"class_list":["post-4045","post","type-post","status-publish","format-standard","hentry","category-wybory-i-referenda"],"_links":{"self":[{"href":"https:\/\/bip2.pawlowiczki.pl\/bip2\/index.php?rest_route=\/wp\/v2\/posts\/4045","targetHints":{"allow":["GET"]}}],"collection":[{"href":"https:\/\/bip2.pawlowiczki.pl\/bip2\/index.php?rest_route=\/wp\/v2\/posts"}],"about":[{"href":"https:\/\/bip2.pawlowiczki.pl\/bip2\/index.php?rest_route=\/wp\/v2\/types\/post"}],"author":[{"embeddable":true,"href":"https:\/\/bip2.pawlowiczki.pl\/bip2\/index.php?rest_route=\/wp\/v2\/users\/1"}],"replies":[{"embeddable":true,"href":"https:\/\/bip2.pawlowiczki.pl\/bip2\/index.php?rest_route=%2Fwp%2Fv2%2Fcomments&post=4045"}],"version-history":[{"count":1,"href":"https:\/\/bip2.pawlowiczki.pl\/bip2\/index.php?rest_route=\/wp\/v2\/posts\/4045\/revisions"}],"predecessor-version":[{"id":4512,"href":"https:\/\/bip2.pawlowiczki.pl\/bip2\/index.php?rest_route=\/wp\/v2\/posts\/4045\/revisions\/4512"}],"wp:attachment":[{"href":"https:\/\/bip2.pawlowiczki.pl\/bip2\/index.php?rest_route=%2Fwp%2Fv2%2Fmedia&parent=4045"}],"wp:term":[{"taxonomy":"category","embeddable":true,"href":"https:\/\/bip2.pawlowiczki.pl\/bip2\/index.php?rest_route=%2Fwp%2Fv2%2Fcategories&post=4045"},{"taxonomy":"post_tag","embeddable":true,"href":"https:\/\/bip2.pawlowiczki.pl\/bip2\/index.php?rest_route=%2Fwp%2Fv2%2Ftags&post=4045"}],"curies":[{"name":"wp","href":"https:\/\/api.w.org\/{rel}","templated":true}]}}