{"id":3972,"date":"2025-01-27T14:34:36","date_gmt":"2025-01-27T14:34:36","guid":{"rendered":"https:\/\/bip2.pawlowiczki.pl\/wordpress\/?p=3972"},"modified":"2025-01-29T10:15:15","modified_gmt":"2025-01-29T10:15:15","slug":"wybory-samorzadowe-2018","status":"publish","type":"post","link":"https:\/\/bip2.pawlowiczki.pl\/bip2\/?p=3972","title":{"rendered":"Wybory samorz\u0105dowe 2018"},"content":{"rendered":"<p>\n&#8222;Obwieszczenie Wojewody Opolskiego z dnia 12 lutego 2018 roku&#8221;:<a href=\"https:\/\/bip2.pawlowiczki.pl\/bip2\/more\/obwieszczenie-wojewody-opolskiego-w-sprawie-liczby-wybieranych-radnych.pdf\">PDF<\/a><br \/>\n<br \/>\n&#8222;Uchwa\u0142a Rady Gminy Paw\u0142owiczki Nr XXXII\/221\/18 z dnia 22 marca 2018r. w sprawie  podzia\u0142u Gminy Paw\u0142owiczki na okr\u0119gi wyborcze, ustalenia ich granic, numer\u00f3w oraz liczb radnych wybieranych w ka\u017cdym okr\u0119gu&#8221;:<a href=\"https:\/\/bip2.pawlowiczki.pl\/bip2\/more\/Uchwa_la%20XXXII-221-18%20z%2030.03.18.pdf\">PDF<\/a><br \/>\n<br \/>\n&#8222;Uchwa\u0142a Rady Gminy Paw\u0142owiczki Nr XXXII\/222\/18 z dnia 22 marca 2018r. w sprawie podzia\u0142u Gminy Paw\u0142owiczki na sta\u0142e obwody g\u0142osowania, ustalenia ich numer\u00f3w, granic oraz siedzib obwodowych komisji wyborczych&#8221;:<a href=\"https:\/\/bip2.pawlowiczki.pl\/bip2\/more\/Uchwa_la%20XXXII-222-18%20z22.03.18.pdf\">PDF<\/a><br \/>\n<br \/>\n&#8222;Rozporz\u0105dzenie w sprawie zarz\u0105dzenia wybor\u00f3w wraz z kalendarzem wyborczym&#8221;:<a href=\"https:\/\/bip2.pawlowiczki.pl\/bip2\/more\/rozporzadzenie-w-sprawie-zarzadzenia-wyborow-wraz-z-kalendarzem-wyborczym.pdf\">PDF<\/a><br \/>\n<br \/>\n&#8222;Obwieszczenie o okr\u0119gach wyborczych, ich granicach i numerach, liczbie wybieranych radnych&#8221;:<a href=\"https:\/\/bip2.pawlowiczki.pl\/bip2\/more\/obwieszczenie_o_okregu_160304.pdf\">PDF<\/a><br \/>\n<br \/>\nInformacje o uprawnieniach wyborc\u00f3w:<\/p>\n<p>&#8222;- niepe\u0142nosprawnych&#8221;:https:\/\/pkw.gov.pl\/337_Wydarzenia\/1\/26413_Informacja_o_uprawnieniach_wyborcow_niepelnosprawnych_w_wyborach_do_rad_gmin_rad_powiatow_sejmikow_wojewodztw__oraz_wyborach_wojtow_burmistrzow_prezydentow_miast<\/p>\n<p>&#8222;- o up\u0142ywie termin\u00f3w dla wyborc\u00f3w niepe\u0142nosprawnych&#8221;:https:\/\/pkw.gov.pl\/337_Wydarzenia\/1\/26418_Informacja_o_uplywie_terminow_zwiazanych_z_uprawnieniami_wyborcow_niepelnosprawnych_w_wyborach_do_rad_gmin_rad_powiatow_i_sejmikow_wojewodztw__oraz_wojtow_burmistrzow_i_prezydentow_miast__zarzadzonych_na_dzien_21_pazdziernika_2018_r<\/p>\n<p>&#8222;- warunkach udzia\u0142u w wyborach obywateli RP&#8221;:https:\/\/pkw.gov.pl\/337_Wydarzenia\/1\/26395_Informacja_Panstwowej_Komisji_Wyborczej_o_warunkach_udzialu_obywateli_polskich__w_wyborach_do_rad_gmin_rad_powiatow_i_sejmikow_wojewodztw__oraz_wojtow_burmistrzow_i_prezydentow_miast_zarzadzonych_na_dzien_21_pazdziernika_2018_r<\/p>\n<p>&#8222;- warunkach udzia\u0142u w wyborach obywateli UE&#8221;:https:\/\/pkw.gov.pl\/337_Wydarzenia\/1\/26407_Informacja_Panstwowej_Komisji_Wyborczej_o_warunkach_udzialu_obywateli_Unii_Europejskiej_niebedacych_obywatelami_polskimi_w_wyborach_do_rad_gmin_oraz_wojtow_burmistrzow_i_prezydentow_miast_zarzadzonych_na_dzien_21_pazdziernika_2018_r<br \/>\n<br \/>\n&#8222;Zarz\u0105dzenie W\u00f3jta Gminy Paw\u0142owiczki w sprawie wyznaczenia miejsc przeznaczonych na bezp\u0142atne umieszczanie urz\u0119dowych obwieszcze\u0144 wyborczych i plakat\u00f3w&#8221;:<a href=\"https:\/\/bip2.pawlowiczki.pl\/bip2\/more\/Zarz_adzenie%20w_ojta%20w%20sprawie%20wyznaczenia%20miejsc%20na%20umieszczanie%20urz_edowych%20obwieszcze_n%20plakat_ow.pdf\">PDF<\/a><br \/>\n<\/p>\n<p>&#8222;Og\u0142oszenie o dy\u017curach pe\u0142nionych przez Gminn\u0105 Komisj\u0119 Wyborcz\u0105 w Paw\u0142owiczkach&#8221;:<a href=\"https:\/\/bip2.pawlowiczki.pl\/bip2\/more\/1O%20G%20_L%20O%20S%20Z%20E%20N%20I%20E%20o%20dy_zurach%20Gminnej%20Komisji%20.pdf\">PDF<\/a><\/p>\n<p><\/p>\n<p>&#8222;Sk\u0142ad Gminnej Komisji Wyborczej w Paw\u0142owiczkach&#8221;:<a href=\"https:\/\/bip2.pawlowiczki.pl\/bip2\/more\/Sk_lad%20GMINNA%20KOMISJA%20WYBORCZA.pdf\">PDF<\/a><\/p>\n<p>\n&#8222;Informacja o uprawnieniach wyborc\u00f3w niepe\u0142nosprawnych w wyborach do rad gmin, rad powiat\u00f3w, sejmik\u00f3w wojew\u00f3dztw oraz wyborach w\u00f3jt\u00f3w, burmistrz\u00f3w, prezydent\u00f3w miast&#8221;:<a href=\"https:\/\/bip2.pawlowiczki.pl\/bip2\/more\/Informacja%20PKW%20o%20uprawnieniach%20wyborc_ow%20niepe_lnosprawnych.pdf\">PDF<\/a><\/p>\n<p>\n&#8222;Informacja o up\u0142ywie termin\u00f3w zwi\u0105zanych z uprawnieniami wyborc\u00f3w niepe\u0142nosprawnych&#8221;:<a href=\"https:\/\/bip2.pawlowiczki.pl\/bip2\/more\/Informacja%20PKW%20o%20up_lywie%20termin_ow%20zwi_azanych%20z%20uprawnieniami%20wyborc_ow%20niepe_lnosprawnych.pdf\">PDF<\/a><\/p>\n<p><\/p>\n<p>&#8222;Obwieszczenie o numerach oraz granicach obwod\u00f3w g\u0142osowania, wyznaczonych siedzibach obwodowych komisji wyborczych oraz mo\u017cliwo\u015bci g\u0142osowania korespondencyjnego i przez pe\u0142nomocnika&#8221;:<a href=\"https:\/\/bip2.pawlowiczki.pl\/bip2\/more\/111obwieszczenie_o_obwodzie_160304.pdf\">PDF<\/a><\/p>\n<p>\n&#8222;HARMONOGRAM DY\u017bUR\u00d3W URZ\u0118DNIKA WYBORCZEGO&#8221;:<a href=\"https:\/\/bip2.pawlowiczki.pl\/bip2\/more\/Harmonogram%20dy_zur_ow%20urz_ednika%20wyborczego.pdf\">PDF<\/a><\/p>\n<p>\n&#8222;Obwieszczenie Gminnej Komisji Wyborczej w Paw\u0142owiczkach o mo\u017cliwo\u015bci o mo\u017cliwo\u015bci dodatkowych zg\u0142osze\u0144 list kandydat\u00f3w na radnych&#8221;:<a href=\"https:\/\/bip2.pawlowiczki.pl\/bip2\/more\/nowe%20obwieszczenie%20wg%20wzoru%20delegatury.pdf\">PDF<\/a><\/p>\n<p><\/p>\n<p>&#8222;HARMONOGRAM DY\u017bUR\u00d3W URZ\u0118DNIKA WYBORCZEGO &#8211; c.d.&#8221;:<a href=\"https:\/\/bip2.pawlowiczki.pl\/bip2\/more\/Harmonogram%20dy_zur_ow%20urz_ednika%20wyborczego-%20c.d_.pdf\">PDF<\/a><\/p>\n<p><\/p>\n<p>&#8222;Informacja Komisarza Wyborczego w Opolu III z dnia 24 wrze\u015bnia 2018 r. o mo\u017cliwo\u015bci dokonania dodatkowych zg\u0142osze\u0144 do sk\u0142ad\u00f3w Obwodowych Komisji Wyborczych w gminie Paw\u0142owiczki&#8221;:<a href=\"https:\/\/bip2.pawlowiczki.pl\/bip2\/more\/Informacja%20Komisarza%20Wyborczego%20w%20Opolu%20III%20-%20dodatkowy%20termin%20-%20Paw_lowiczki.pdf\">PDF<\/a><\/p>\n<p>\n&#8222;Informacja Komisarzy Wyborczych w sprawie dodatkowych zg\u0142osze\u0144 oraz losowa\u0144 sk\u0142ad\u00f3w komisji obwodowych&#8221;:https:\/\/opole.kbw.gov.pl\/337_Wydarzenia\/1\/29044_Informacje_Komisarzy_Wyborczych_w_Opolu_o_mozliwosci_dokonania_dodatkowych_zgloszen_i_losowaniach_skladow_obwodowych_komisji_wyboroczych<br \/>\n<br \/>\n&#8222;Powiadomienie o losowaniu numer\u00f3w list&#8221;:<a href=\"https:\/\/bip2.pawlowiczki.pl\/bip2\/more\/Powiadomienie%20o%20losowaniu%20numer_ow%20list.pdf\">PDF<\/a><\/p>\n<p><\/p>\n<p>&#8222;Obwieszczenie Gminnej Komisji Wyborczej w Paw\u0142owiczkach z dnia 28 wrze\u015bnia 2018r. o przyznanych numerach list kandydat\u00f3w na radnych w wyborach do Rady Gminy Paw\u0142owiczki zarz\u0105dzonych na dzie\u0144 21 pa\u017adziernika 2018r.&#8221;:<a href=\"https:\/\/bip2.pawlowiczki.pl\/bip2\/more\/obwieszczenie_o_wylosowanych_numerach_list.pdf\">PDF<\/a><\/p>\n<p>\n&#8222;Obwieszczenie Gminnej Komisji Wyborczej w Paw\u0142owiczkach z<br \/>\ndnia 28 wrze\u015bnia 2018 r. o zarejestrowanych listach kandydat\u00f3w na radnych<br \/>\nw wyborach do Rady Gminy  Paw\u0142owiczki zarz\u0105dzonych na dzie\u0144 21 pa\u017adziernika 2018 r.&#8221;:<a href=\"https:\/\/bip2.pawlowiczki.pl\/bip2\/more\/wradni%20Obwieszczenie_o_zarejestrowanych_listach_kandydatow.pdf\">PDF<\/a><\/p>\n<p>\n&#8222;Obwieszczenie Gminnej Komisji Wyborczej w Paw\u0142owiczkach z dnia 28 wrze\u015bnia 2018 r. o obsadzeniu mandatu radnego w wyborach do Rady Gminy  Paw\u0142owiczki<br \/>\nbez g\u0142osowania w okr\u0119gu wyborczym nr 1&#8221;:<a href=\"https:\/\/bip2.pawlowiczki.pl\/bip2\/more\/1%20kukowka.pdf\">PDF<\/a><\/p>\n<p>\n&#8222;Obwieszczenie Gminnej Komisji Wyborczej w Paw\u0142owiczkach z dnia 28 wrze\u015bnia 2018 r. o obsadzeniu mandatu radnego w wyborach do Rady Gminy  Paw\u0142owiczki<br \/>\nbez g\u0142osowania w okr\u0119gu wyborczym nr 2&#8221;:<a href=\"https:\/\/bip2.pawlowiczki.pl\/bip2\/more\/2%20malinka.pdf\">PDF<\/a><\/p>\n<p>\n&#8222;Obwieszczenie Gminnej Komisji Wyborczej w Paw\u0142owiczkach z dnia 28 wrze\u015bnia 2018 r. o obsadzeniu mandatu radnego w wyborach do Rady Gminy  Paw\u0142owiczki<br \/>\nbez g\u0142osowania w okr\u0119gu wyborczym nr 6&#8221;:<a href=\"https:\/\/bip2.pawlowiczki.pl\/bip2\/more\/6%20kubanek.pdf\">PDF<\/a><\/p>\n<p>\n&#8222;Obwieszczenie Gminnej Komisji Wyborczej w Paw\u0142owiczkach z dnia 28 wrze\u015bnia 2018 r. o obsadzeniu mandatu radnego w wyborach do Rady Gminy  Paw\u0142owiczki<br \/>\nbez g\u0142osowania w okr\u0119gu wyborczym nr 7&#8221;:<a href=\"https:\/\/bip2.pawlowiczki.pl\/bip2\/more\/7%20wychowaniec.pdf\">PDF<\/a><\/p>\n<p><\/p>\n<p>&#8222;Obwieszczenie Gminnej Komisji Wyborczej w Paw\u0142owiczkach z dnia 28 wrze\u015bnia 2018 r. o obsadzeniu mandatu radnego w wyborach do Rady Gminy  Paw\u0142owiczki<br \/>\nbez g\u0142osowania w okr\u0119gu wyborczym nr 10&#8221;:<a href=\"https:\/\/bip2.pawlowiczki.pl\/bip2\/more\/10%20duda.pdf\">PDF<\/a><\/p>\n<p>\n&#8222;Obwieszczenie Gminnej Komisji Wyborczej w Paw\u0142owiczkach z dnia 28 wrze\u015bnia 2018 r. o obsadzeniu mandatu radnego w wyborach do Rady Gminy  Paw\u0142owiczki<br \/>\nbez g\u0142osowania w okr\u0119gu wyborczym nr 11&#8221;:<a href=\"https:\/\/bip2.pawlowiczki.pl\/bip2\/more\/11%20wielgan.pdf\">PDF<\/a><\/p>\n<p>\n&#8222;Obwieszczenie Gminnej Komisji Wyborczej w Paw\u0142owiczkach z dnia 28 wrze\u015bnia 2018 r. o obsadzeniu mandatu radnego w wyborach do Rady Gminy  Paw\u0142owiczki<br \/>\nbez g\u0142osowania w okr\u0119gu wyborczym nr 12&#8221;:<a href=\"https:\/\/bip2.pawlowiczki.pl\/bip2\/more\/12%20Fohs.pdf\">PDF<\/a><\/p>\n<p><\/p>\n<p>&#8222;Obwieszczenie Gminnej Komisji Wyborczej w Paw\u0142owiczkach z dnia 28 wrze\u015bnia 2018 r. o obsadzeniu mandatu radnego w wyborach do Rady Gminy  Paw\u0142owiczki<br \/>\nbez g\u0142osowania w okr\u0119gu wyborczym nr 15&#8221;:<a href=\"https:\/\/bip2.pawlowiczki.pl\/bip2\/more\/15%20kontny.pdf\">PDF<\/a><\/p>\n<p><\/p>\n<p>&#8222;Obwieszczenie Gminnej Komisji Wyborczej w Paw\u0142owiczkach z dnia 28 wrze\u015bnia 2018 r. o zarejestrowanych kandydatach na w\u00f3jta w wyborach W\u00f3jta Gminy Paw\u0142owiczki zarz\u0105dzonych na dzie\u0144 21 pa\u017adziernika 2018 r.&#8221;:<a href=\"https:\/\/bip2.pawlowiczki.pl\/bip2\/more\/20180928_1525_160304_Obwieszczenie_o_zarejestrowanych_kandydatach.pdf\">PDF<\/a><\/p>\n<p> <\/p>\n<p>&#8222;Uchwa\u0142a Gminnej Komisji Wyborczej w Paw\u0142owiczkach z dnia 28 wrze\u015bnia 2018 r. o przeprowadzeniu g\u0142osowania tylko na jednego kandydata na W\u00f3jta Gminy Paw\u0142owiczki&#8221;:<a href=\"https:\/\/bip2.pawlowiczki.pl\/bip2\/more\/uchwa_la%20GKW0001.pdf\">PDF<\/a><\/p>\n<p> <\/p>\n<p>&#8222;Informacja o powo\u0142aniu obwodowych komisji wyborczych&#8221;:https:\/\/opole.kbw.gov.pl\/337_Wydarzenia\/1\/29481_Powolane_obwodowe_komisje_wyborcze_na_terenie_wojewodztwa_opolskiego<\/p>\n<p><\/p>\n<p>&#8222;Informacja o pierwszych posiedzenia Obwodowych Komisji Wyborczych<br \/>\nw gminie Paw\u0142owiczki&#8221;:<a href=\"https:\/\/bip2.pawlowiczki.pl\/bip2\/more\/INFORMACJA-%20posiedzenie%20OKW.pdf\">PDF<\/a><\/p>\n<p><\/p>\n<p>&#8222;OBWIESZCZENIE KOMISARZA WYBORCZEGO W OPOLU I z dnia 23 pa\u017adziernika 2018 r. o wynikach wybor\u00f3w do rad na obszarze wojew\u00f3dztwa opolskiego &#8211; wyci\u0105g&#8221;:<a href=\"https:\/\/bip2.pawlowiczki.pl\/bip2\/more\/Paw_lowiczki-rada.pdf\">PDF<\/a><\/p>\n<p><\/p>\n<p>&#8222;OBWIESZCZENIE KOMISARZA WYBORCZEGO W OPOLU I<br \/>\nz dnia 23 pa\u017adziernika 2018 r. o wynikach wybor\u00f3w w\u00f3jt\u00f3w, burmistrz\u00f3w i prezydent\u00f3w miast na obszarze wojew\u00f3dztwa opolskiego &#8211; wyci\u0105g&#8221;:<a href=\"https:\/\/bip2.pawlowiczki.pl\/bip2\/more\/Paw_lowiczki-w_ojt.pdf\">PDF<\/a><\/p>\n","protected":false},"excerpt":{"rendered":"<p>&#8222;Obwieszczenie Wojewody Opolskiego z dnia 12 lutego 2018 roku&#8221;:PDF &#8222;Uchwa\u0142a Rady Gminy Paw\u0142owiczki Nr XXXII\/221\/18 z dnia 22 marca 2018r. w sprawie podzia\u0142u Gminy Paw\u0142owiczki na okr\u0119gi wyborcze, ustalenia ich granic, numer\u00f3w oraz liczb radnych wybieranych w ka\u017cdym okr\u0119gu&#8221;:PDF &#8222;Uchwa\u0142a Rady Gminy Paw\u0142owiczki Nr XXXII\/222\/18 z dnia 22 marca 2018r. w sprawie podzia\u0142u Gminy Paw\u0142owiczki [&hellip;]<\/p>\n","protected":false},"author":1,"featured_media":0,"comment_status":"open","ping_status":"open","sticky":false,"template":"","format":"standard","meta":{"footnotes":""},"categories":[35],"tags":[],"class_list":["post-3972","post","type-post","status-publish","format-standard","hentry","category-wybory-i-referenda"],"_links":{"self":[{"href":"https:\/\/bip2.pawlowiczki.pl\/bip2\/index.php?rest_route=\/wp\/v2\/posts\/3972","targetHints":{"allow":["GET"]}}],"collection":[{"href":"https:\/\/bip2.pawlowiczki.pl\/bip2\/index.php?rest_route=\/wp\/v2\/posts"}],"about":[{"href":"https:\/\/bip2.pawlowiczki.pl\/bip2\/index.php?rest_route=\/wp\/v2\/types\/post"}],"author":[{"embeddable":true,"href":"https:\/\/bip2.pawlowiczki.pl\/bip2\/index.php?rest_route=\/wp\/v2\/users\/1"}],"replies":[{"embeddable":true,"href":"https:\/\/bip2.pawlowiczki.pl\/bip2\/index.php?rest_route=%2Fwp%2Fv2%2Fcomments&post=3972"}],"version-history":[{"count":1,"href":"https:\/\/bip2.pawlowiczki.pl\/bip2\/index.php?rest_route=\/wp\/v2\/posts\/3972\/revisions"}],"predecessor-version":[{"id":4503,"href":"https:\/\/bip2.pawlowiczki.pl\/bip2\/index.php?rest_route=\/wp\/v2\/posts\/3972\/revisions\/4503"}],"wp:attachment":[{"href":"https:\/\/bip2.pawlowiczki.pl\/bip2\/index.php?rest_route=%2Fwp%2Fv2%2Fmedia&parent=3972"}],"wp:term":[{"taxonomy":"category","embeddable":true,"href":"https:\/\/bip2.pawlowiczki.pl\/bip2\/index.php?rest_route=%2Fwp%2Fv2%2Fcategories&post=3972"},{"taxonomy":"post_tag","embeddable":true,"href":"https:\/\/bip2.pawlowiczki.pl\/bip2\/index.php?rest_route=%2Fwp%2Fv2%2Ftags&post=3972"}],"curies":[{"name":"wp","href":"https:\/\/api.w.org\/{rel}","templated":true}]}}