{"id":3698,"date":"2025-01-27T14:34:21","date_gmt":"2025-01-27T14:34:21","guid":{"rendered":"https:\/\/bip2.pawlowiczki.pl\/wordpress\/?p=3698"},"modified":"2025-01-29T10:14:16","modified_gmt":"2025-01-29T10:14:16","slug":"wybory-do-parlamentu-europejskiego-2014","status":"publish","type":"post","link":"https:\/\/bip2.pawlowiczki.pl\/bip2\/?p=3698","title":{"rendered":"WYBORY DO PARLAMENTU EUROPEJSKIEGO 2014"},"content":{"rendered":"<p>&#8222;Sk\u0142ady obwodowych komisji wyborczych&#8221;:<a href=\"https:\/\/bip2.pawlowiczki.pl\/bip2\/more\/Sk_lady%20Komisji-%20Przewod.%20i%20Z-cy.pdf\">PDF<\/a><br \/>\n<br \/>\n&#8222;Zarz\u0105dzenie Nr 0050.43.2014 W\u00f3jta Gminy Paw\u0142owiczki z dnia 05.05.2014 w sprawie: powo\u0142ania obwodowych komisji wyborczych w Gminie Paw\u0142owiczki       dla   przeprowadzenia wybor\u00f3w do Parlamentu Europejskiego&#8221;:<a href=\"https:\/\/bip2.pawlowiczki.pl\/bip2\/more\/Zarz_adzenie%200050.43.2014.pdf\">PDF<\/a><br \/>\n<br \/>\n**Informacja**<br \/>\nNa podstawie art. 36 \u00a7 1 Ustawy z dnia 5 stycznia 2011 r. Kodeks Wyborczy (Dz.U. z 2011 r. nr 21, poz. 112 ze zm.) ka\u017cdy wyborca mo\u017ce sprawdzi\u0107 czy zosta\u0142 uwzgl\u0119dniony w spisie wyborc\u00f3w w Urz\u0119dzie Gminy w Paw\u0142owiczkach pok\u00f3j numer 14 w dniach od 4 maja 2014 r. do 19 maja 2014 r.<\/p>\n<p>&#8222;Obwieszczenie Okr\u0119gowej Komisji Wyborczej we Wroc\u0142awiu z 28 kwietnia 2014r. o zarejestrowanych listach kandydat\u00f3w na pos\u0142\u00f3w do Parlamentu Europejskiego w okr\u0119gu wyborczym nr 12&#8221;:<a href=\"https:\/\/bip2.pawlowiczki.pl\/bip2\/more\/obwieszczenie-wybory.pdf\">PDF<\/a><br \/>\n<br \/>\n**Informacja**<br \/>\nG\u0142osowanie w wyborach do Parlamentu Europejskiego zostanie przeprowadzone w dniu 25 maja 2014 r. Lokale wyborcze czynne b\u0119d\u0105 w godzinach 7.00- 21.00.<br \/>\nW wyborach do Parlamentu Europejskiego, wyborcy Gminy Paw\u0142owiczki g\u0142osuj\u0105 na listy kandydat\u00f3w zg\u0142oszonych przez komitety wyborcze w okr\u0119gu wyborczym Nr  12 obejmuj\u0105cym wojew\u00f3dztwo dolno\u015bl\u0105skie i opolskie.<br \/>\n<br \/>\n&#8222;Zarejestrowane komitety wyborcze&#8221;:https:\/\/pe2014.pkw.gov.pl\/pl\/<br \/>\n<br \/>\n&#8222;Wyszukiwarka kandydat\u00f3w&#8221;:https:\/\/pe2014.pkw.gov.pl\/pl\/kandydaci?name=&#038;committe_id=&#038;ward_id=12<br \/>\n<br \/>\n&#8222;G\u0142osowanie korespondencyjne w kraju dla os\u00f3b niepe\u0142nosprawnych&#8221;:https:\/\/info.pkw.gov.pl\/glosowanie-korespondencyjne-PE\/glosowanie-korespondencyjne-w-kraju-dla-osob-niepelnosprawnych.html<br \/>\n<br \/>\n&#8222;G\u0142osowanie przez pe\u0142nomocnika&#8221;:https:\/\/info.pkw.gov.pl\/glosowanie-przez-pelnomocnika-pe\/glosowanie-przez-pelnomocnika.html<br \/>\n<br \/>\n&#8222;G\u0142osowanie os\u00f3b niepe\u0142nosprawnych lub tych, kt\u00f3re uko\u0144czy\u0142y 75 lat&#8221;:https:\/\/info.pkw.gov.pl\/glosowanie-dla-osob-niepelnosprawnych-lub-osob-ktore-ukonczyly-75-lat-pe\/glosowanie-osob-niepelnosprawnych-lub-tych-ktore-ukonczyly-75-lat.html<br \/>\n<br \/>\n&#8222;Dopisanie do spisu wyborc\u00f3w wyborcy niepe\u0142nosprawnego w wybranym przez niego obwodzie g\u0142osowania&#8221;:https:\/\/info.pkw.gov.pl\/dopisanie-do-spisu-wyborcow-PE\/dopisanie-do-spisu-wyborcow-wyborcy-niepelnosprawnego-w-wybranym-przez-niego-obwodzie-glosowania.html<br \/>\n<br \/>\n&#8222;G\u0142osowanie poza miejscem zamieszkania&#8221;:https:\/\/info.pkw.gov.pl\/glosowanie-poza-miejscem-zamieszkania-pe\/glosowanie-poza-miejscem-zamieszkania.html<br \/>\n<br \/>\n&#8222;Spos\u00f3b g\u0142osowania w wyborach do Parlamentu Europejskiego&#8221;:https:\/\/info.pkw.gov.pl\/sposob-glosowania\/sposob-glosowania-w-wyborach-do-parlamentu-europejskiego.html<br \/>\n<br \/>\n&#8222;Rejestr wyborc\u00f3w&#8221;:https:\/\/info.pkw.gov.pl\/rejestr-wyborcow-pe\/rejestr-wyborcow.html<br \/>\n<br \/>\n&#8222;Dopisanie do spisu wyborc\u00f3w&#8221;:https:\/\/info.pkw.gov.pl\/parlament-europejski-2014\/<br \/>\n<br \/>\n&#8222;Za\u015bwiadczenie o prawie do g\u0142osowania&#8221;:https:\/\/info.pkw.gov.pl\/zaswiadczenie-o-prawie-do-glosowania-pe\/zaswiadczenie-o-prawie-do-glosowania.html<br \/>\n<br \/>\n&#8222;Komunikat Pa\u0144stwowej Komisji Wyborczej z dnia 25 kwietnia 2014 r. o wylosowanych jednolitych numerach dla list kandydat\u00f3w na pos\u0142\u00f3w do Parlamentu Europejskiego zarejestrowanych wi\u0119cej ni\u017c w jednym okr\u0119gu wyborczym w wyborach zarz\u0105dzonych na dzie\u0144 25 maja 2014 r.&#8221;:https:\/\/pkw.gov.pl\/2014\/komunikat-panstwowej-komisji-wyborczej-z-dnia-25-kwietnia-2014-r-o-wylosowanych-jednolitych-numerach-dla-list-kandydatow-na-poslow-do-parlamentu-europejskiego-zarejestrowanych-wiecej-niz-w-jednym-okregu-wyborczym-w-wyborach-zarzadzonych-na-dzien-25-maja-2.html<br \/>\n<br \/>\n&#8222;Obwieszczenie W\u00f3jta Gminy Paw\u0142owiczki z dnia 11.04.2014r.w sprawie podania do wiadomo\u015bci informacji o numerach i granicach obwod\u00f3w g\u0142osowania oraz siedzibach obwodowych komisji wyborczych i lokalach obwodowych komisji  wyborczych dostosowanych do potrzeb wyborc\u00f3w niepe\u0142nosprawnych&#8221;:<a href=\"https:\/\/bip2.pawlowiczki.pl\/bip2\/more\/Obwieszczenie%20W_ojta%20Gm.pdf\">PDF<\/a><br \/>\n<br \/>\n&#8222;Zarz\u0105dzenie Nr 0050.15.2014 W\u00f3jta Gminy Paw\u0142owiczki z dnia 26.02.2014 w sprawie wyznaczenia miejsc przeznaczonych na bezp\u0142atne umieszczanie urz\u0119dowych obwieszcze\u0144 wyborczych i plakat\u00f3w komitet\u00f3w wyborczych&#8221;:<a href=\"https:\/\/bip2.pawlowiczki.pl\/bip2\/more\/ZARZ_ADZENIE%20w%20sprawie%20wyznaczenia%20miejsc%20przeznaczonych%20na%20bezp_latne%20umieszczanie%20%20urzedowych%20obwieszcze_n%20.....pdf\">PDF<\/a><br \/>\n<br \/>\n&#8222;Obwieszczenie PKW z 24 lutego 2014&#8221;:<a href=\"https:\/\/bip2.pawlowiczki.pl\/bip2\/more\/Obwieszczenie%20PKW%20z%2024%20lutego%202014r.pdf\">PDF<\/a><br \/>\n<br \/>\n&#8222;Postanowienie Prezydenta RP z dnia 19.02.2014r. w sprawie zarz\u0105dzenia wybor\u00f3w pos\u0142\u00f3w do Parlamentu Europejskiego&#8221;:<a href=\"https:\/\/bip2.pawlowiczki.pl\/bip2\/more\/postanowienie%20prezydenta.pdf\">PDF<\/a><br \/>\n<br \/>\n&#8222;Informacje PKW dotycz\u0105ce wybor\u00f3w do Parlamentu Europejskiego w 2014r.&#8221;:https:\/\/pkw.gov.pl\/2014\/<br \/>\n<br \/>\n&#8222;Informacja o uprawnieniach os\u00f3b niepe\u0142nosprawnych&#8221;:<a href=\"https:\/\/bip2.pawlowiczki.pl\/bip2\/more\/Info.%20o%20uprawnieniach%20os_ob%20niepe_lnosprawnych.pdf\">PDF<\/a><br \/>\n<br \/>\n&#8222;Informacja PKW o up\u0142ywie termin\u00f3w zwi\u0105zanych z wyborcami niepe\u0142nosprawnymi&#8221;:<a href=\"https:\/\/bip2.pawlowiczki.pl\/bip2\/more\/Info.%20PKW%20o%20up_lywie%20termin_ow%20zwi_azanych%20z%20wyborcami%20niepe_lnosprawnymi.pdf\">PDF<\/a><br \/>\n<br \/>\n&#8222;Informacja PKW o udziale obywateli Unii Europejskiej&#8221;:<a href=\"https:\/\/bip2.pawlowiczki.pl\/bip2\/more\/Info.%20PKW%20o%20udziale%20obywateli%20UE.pdf\">PDF<\/a><br \/>\n<br \/>\n&#8222;Wniosek o sporz\u0105dzenie aktu pe\u0142nomocnictwa&#8221;:<a href=\"https:\/\/bip2.pawlowiczki.pl\/bip2\/more\/Wniosek%20o%20sporz_adzenie%20aktu%20pe_lnomocnictwa.pdf\">PDF<\/a><br \/>\n<br \/>\n&#8222;Wz\u00f3r zg\u0142oszenia do g\u0142osowania korespondencyjnego&#8221;:<a href=\"https:\/\/bip2.pawlowiczki.pl\/bip2\/more\/Wz_or%20do%20zg_loszenia%20g_losowania%20korespon..pdf\">PDF<\/a><br \/>\n<br \/>\n&#8222;Informacja PKW o warunkach udzia\u0142u polskich obywateli w g\u0142osowaniu w obwodach g\u0142osowania na terenie kraju&#8221;:<a href=\"https:\/\/bip2.pawlowiczki.pl\/bip2\/more\/Info.%20PKW%20o%20warunkach%20udzia_lu%20polskich%20obywateli%20w%20g_losowaniu%20w%20obwodach%20g_losowania%20utworzonych%20na%20terenia%20kraju.pdf\">PDF<\/a><br \/>\n<br \/>\nInformujemy, \u017ce w Urz\u0119dzie Gminy w Paw\u0142owiczkach w sekretariacie jest dost\u0119pna informacja o uprawnieniach wyborc\u00f3w niepe\u0142nosprawnych przeznaczona dla os\u00f3b niewidomych (przygotowana w alfabecie Braille&#8217; a).<\/p>\n<p>\n&#8222;Wyja\u015bnienia Pa\u0144stwowej Komisji Wyborczej  dotycz\u0105ce udzia\u0142u w pracach Obwodowej Komisji Wyborczej&#8221;:<a href=\"https:\/\/bip2.pawlowiczki.pl\/bip2\/more\/Wyja_snienia%20PKW%20dotycz_ace%20udzia_lu%20w%20pracach%20Obwodowych%20Komisji%20Wyborczych.pdf\">PDF<\/a><br \/>\n&#8222;Zarz\u0105dzenie Nr 0050.26.2014 W\u00f3jta Gminy Paw\u0142owiczki z dnia 27.03.2014 w sprawie wyznaczenia obwodowej komisji wyborczej na terenie gminy Paw\u0142owiczki   dla cel\u00f3w g\u0142osowania korespondencyjnego w wyborach do Parlamentu Europejskiego zarz\u0105dzonych na dzie\u0144 25 maja 2014 r. &#8222;:<a href=\"https:\/\/bip2.pawlowiczki.pl\/bip2\/more\/Zarz_adzenie%20W_ojta-%20g_losowanie%20korespondencyjne.pdf\">PDF<\/a><\/p>\n","protected":false},"excerpt":{"rendered":"<p>&#8222;Sk\u0142ady obwodowych komisji wyborczych&#8221;:PDF &#8222;Zarz\u0105dzenie Nr 0050.43.2014 W\u00f3jta Gminy Paw\u0142owiczki z dnia 05.05.2014 w sprawie: powo\u0142ania obwodowych komisji wyborczych w Gminie Paw\u0142owiczki dla przeprowadzenia wybor\u00f3w do Parlamentu Europejskiego&#8221;:PDF **Informacja** Na podstawie art. 36 \u00a7 1 Ustawy z dnia 5 stycznia 2011 r. Kodeks Wyborczy (Dz.U. z 2011 r. nr 21, poz. 112 ze zm.) ka\u017cdy [&hellip;]<\/p>\n","protected":false},"author":1,"featured_media":0,"comment_status":"open","ping_status":"open","sticky":false,"template":"","format":"standard","meta":{"footnotes":""},"categories":[35],"tags":[],"class_list":["post-3698","post","type-post","status-publish","format-standard","hentry","category-wybory-i-referenda"],"_links":{"self":[{"href":"https:\/\/bip2.pawlowiczki.pl\/bip2\/index.php?rest_route=\/wp\/v2\/posts\/3698","targetHints":{"allow":["GET"]}}],"collection":[{"href":"https:\/\/bip2.pawlowiczki.pl\/bip2\/index.php?rest_route=\/wp\/v2\/posts"}],"about":[{"href":"https:\/\/bip2.pawlowiczki.pl\/bip2\/index.php?rest_route=\/wp\/v2\/types\/post"}],"author":[{"embeddable":true,"href":"https:\/\/bip2.pawlowiczki.pl\/bip2\/index.php?rest_route=\/wp\/v2\/users\/1"}],"replies":[{"embeddable":true,"href":"https:\/\/bip2.pawlowiczki.pl\/bip2\/index.php?rest_route=%2Fwp%2Fv2%2Fcomments&post=3698"}],"version-history":[{"count":1,"href":"https:\/\/bip2.pawlowiczki.pl\/bip2\/index.php?rest_route=\/wp\/v2\/posts\/3698\/revisions"}],"predecessor-version":[{"id":4501,"href":"https:\/\/bip2.pawlowiczki.pl\/bip2\/index.php?rest_route=\/wp\/v2\/posts\/3698\/revisions\/4501"}],"wp:attachment":[{"href":"https:\/\/bip2.pawlowiczki.pl\/bip2\/index.php?rest_route=%2Fwp%2Fv2%2Fmedia&parent=3698"}],"wp:term":[{"taxonomy":"category","embeddable":true,"href":"https:\/\/bip2.pawlowiczki.pl\/bip2\/index.php?rest_route=%2Fwp%2Fv2%2Fcategories&post=3698"},{"taxonomy":"post_tag","embeddable":true,"href":"https:\/\/bip2.pawlowiczki.pl\/bip2\/index.php?rest_route=%2Fwp%2Fv2%2Ftags&post=3698"}],"curies":[{"name":"wp","href":"https:\/\/api.w.org\/{rel}","templated":true}]}}