{"id":3152,"date":"2025-01-27T14:33:34","date_gmt":"2025-01-27T14:33:34","guid":{"rendered":"https:\/\/bip2.pawlowiczki.pl\/wordpress\/?p=3152"},"modified":"2025-01-29T09:55:54","modified_gmt":"2025-01-29T09:55:54","slug":"wybory-uzupelniajace-do-rady-gminy","status":"publish","type":"post","link":"https:\/\/bip2.pawlowiczki.pl\/bip2\/?p=3152","title":{"rendered":"WYBORY UZUPE\u0141NIAJACE DO RADY GMINY"},"content":{"rendered":"<p>&#8222;1. OBWIESZCZENIE W\u00d3JTA GMINY PAW\u0141OWICZKI Z DNIA 9 LUTY 2009&#8221;:<a href=\"https:\/\/bip2.pawlowiczki.pl\/bip\/doc\/wybory_rada_uzupelnienie\/wybory.pdf\">PDF<\/a><\/p>\n<p>\n&#8222;2. OBWIESZCZENIE W\u00d3JTA GMINY Z DNIA 12 MARCA 2009&#8221;:<a href=\"https:\/\/bip2.pawlowiczki.pl\/bip\/doc\/wybory_rada_uzupelnienie\/OKW.pdf\">PDF<\/a><\/p>\n<p>\n&#8222;3. UCHWA\u0141A Nr 1 \/ 09 GMINNEJ KOMISJI WYBORCZEJ W PAW\u0141OWICZKACH z dnia 19 lutego 2009 r.&#8221;:<a href=\"https:\/\/bip2.pawlowiczki.pl\/bip\/doc\/wybory_rada_uzupelnienie\/1_09.pdf\">PDF<\/a><\/p>\n<p>\n&#8222;4. UCHWA\u0141A Nr 2 \/ 09 GMINNEJ KOMISJI WYBORCZEJ W PAW\u0141OWICZKACH z dnia 19 lutego 2009 r.&#8221;:<a href=\"https:\/\/bip2.pawlowiczki.pl\/bip\/doc\/wybory_rada_uzupelnienie\/2_09.pdf\">PDF<\/a><\/p>\n<p>\n&#8222;5. UCHWA\u0141A Nr 3 \/ 09 GMINNEJ KOMISJI WYBORCZEJ W PAW\u0141OWICZKACH z dnia 19 lutego 2009 r.&#8221;:<a href=\"https:\/\/bip2.pawlowiczki.pl\/bip\/doc\/wybory_rada_uzupelnienie\/3_09.pdf\">PDF<\/a><\/p>\n<p>\n&#8222;6. UCHWA\u0141A Nr 4 \/ 09 GMINNEJ KOMISJI WYBORCZEJ W PAW\u0141OWICZKACH z dnia 12 marzec 2009 r.&#8221;:<a href=\"https:\/\/bip2.pawlowiczki.pl\/bip\/doc\/wybory_rada_uzupelnienie\/4_09.pdf\">PDF<\/a><\/p>\n<p>\n&#8222;7. UCHWA\u0141A Nr 5 \/ 09 GMINNEJ KOMISJI WYBORCZEJ W PAW\u0141OWICZKACH z dnia 12 marzec 2009 r.&#8221;:<a href=\"https:\/\/bip2.pawlowiczki.pl\/bip\/doc\/wybory_rada_uzupelnienie\/5_09.pdf\">PDF<\/a><\/p>\n<p>\n&#8222;8. UCHWA\u0141A Nr 6 \/ 09 GMINNEJ KOMISJI WYBORCZEJ W PAW\u0141OWICZKACH z dnia 12 marzec 2009 r.&#8221;:<a href=\"https:\/\/bip2.pawlowiczki.pl\/bip\/doc\/wybory_rada_uzupelnienie\/6_09.pdf\">PDF<\/a><\/p>\n","protected":false},"excerpt":{"rendered":"<p>&#8222;1. OBWIESZCZENIE W\u00d3JTA GMINY PAW\u0141OWICZKI Z DNIA 9 LUTY 2009&#8221;:PDF &#8222;2. OBWIESZCZENIE W\u00d3JTA GMINY Z DNIA 12 MARCA 2009&#8221;:PDF &#8222;3. UCHWA\u0141A Nr 1 \/ 09 GMINNEJ KOMISJI WYBORCZEJ W PAW\u0141OWICZKACH z dnia 19 lutego 2009 r.&#8221;:PDF &#8222;4. UCHWA\u0141A Nr 2 \/ 09 GMINNEJ KOMISJI WYBORCZEJ W PAW\u0141OWICZKACH z dnia 19 lutego 2009 r.&#8221;:PDF &#8222;5. UCHWA\u0141A [&hellip;]<\/p>\n","protected":false},"author":1,"featured_media":0,"comment_status":"open","ping_status":"open","sticky":false,"template":"","format":"standard","meta":{"footnotes":""},"categories":[35],"tags":[],"class_list":["post-3152","post","type-post","status-publish","format-standard","hentry","category-wybory-i-referenda"],"_links":{"self":[{"href":"https:\/\/bip2.pawlowiczki.pl\/bip2\/index.php?rest_route=\/wp\/v2\/posts\/3152","targetHints":{"allow":["GET"]}}],"collection":[{"href":"https:\/\/bip2.pawlowiczki.pl\/bip2\/index.php?rest_route=\/wp\/v2\/posts"}],"about":[{"href":"https:\/\/bip2.pawlowiczki.pl\/bip2\/index.php?rest_route=\/wp\/v2\/types\/post"}],"author":[{"embeddable":true,"href":"https:\/\/bip2.pawlowiczki.pl\/bip2\/index.php?rest_route=\/wp\/v2\/users\/1"}],"replies":[{"embeddable":true,"href":"https:\/\/bip2.pawlowiczki.pl\/bip2\/index.php?rest_route=%2Fwp%2Fv2%2Fcomments&post=3152"}],"version-history":[{"count":1,"href":"https:\/\/bip2.pawlowiczki.pl\/bip2\/index.php?rest_route=\/wp\/v2\/posts\/3152\/revisions"}],"predecessor-version":[{"id":4497,"href":"https:\/\/bip2.pawlowiczki.pl\/bip2\/index.php?rest_route=\/wp\/v2\/posts\/3152\/revisions\/4497"}],"wp:attachment":[{"href":"https:\/\/bip2.pawlowiczki.pl\/bip2\/index.php?rest_route=%2Fwp%2Fv2%2Fmedia&parent=3152"}],"wp:term":[{"taxonomy":"category","embeddable":true,"href":"https:\/\/bip2.pawlowiczki.pl\/bip2\/index.php?rest_route=%2Fwp%2Fv2%2Fcategories&post=3152"},{"taxonomy":"post_tag","embeddable":true,"href":"https:\/\/bip2.pawlowiczki.pl\/bip2\/index.php?rest_route=%2Fwp%2Fv2%2Ftags&post=3152"}],"curies":[{"name":"wp","href":"https:\/\/api.w.org\/{rel}","templated":true}]}}